{"id":65,"date":"2006-05-18T23:12:31","date_gmt":"2006-05-19T03:12:31","guid":{"rendered":"https:\/\/skatox.com\/blog2\/?p=65"},"modified":"2024-05-26T11:07:38","modified_gmt":"2024-05-26T16:07:38","slug":"la-macbook-negra","status":"publish","type":"post","link":"https:\/\/skatox.com\/blog\/2006\/05\/18\/la-macbook-negra\/","title":{"rendered":"La MacBook Negra"},"content":{"rendered":"\n<p>Apple ha mostrado sus nuevas MacBooks las cuales me agradaron mucho y quisiera tener una (se aceptan donaciones) sin embargo hubo algo que no me gust\u00f3 por parte de ellos, es el hecho de que si quieres comprar una MacBook de color negro \u00a1debes pagar 150$ mas! por las mismas caracter\u00ed\u00adsticas (Ser\u00ed\u00ada la blanca con disco duro de 80gb) pero en fin se que mucha gente no le importar\u00e1 gastar mas dinero por tener una de este color, de hecho, ahora supongo que sera signo de tener dinero xD.<\/p>\n\n\n\n<p>Bueno en fin Apple demuestra que puede hacer lo que de la gana as\u00ed\u00ad no tenga sentido y les de mas ganancias. Para finalizar con este peque\u00f1o comentario les dejo una caricatura que me pasaron por IRC la cual esta muy buena:<\/p>\n\n\n<div class=\"wp-block-image\">\n<figure class=\"aligncenter\"><a  href=\"https:\/\/www.geekculture.com\/joyoftech\/joyimages\/823.gif\" data-rel=\"lightbox-gallery-0\" data-rl_title=\"\" data-rl_caption=\"\" title=\"\"><img decoding=\"async\" src=\"https:\/\/www.geekculture.com\/joyoftech\/joyimages\/823.gif\" alt=\"\"\/><\/a><\/figure>\n<\/div>\n\n\n<p>Haz clic en la imagen por si se ve mal, o m\u00ed\u00adrala en: https:\/\/www.geekculture.com\/joyoftech\/joyimages\/823.gif<\/p>\n\n\n\n<p><strong>P.D: Al parecer que estas computadoras negras (que cuestan 150$ mas por el puro color) se pelan f\u00e1cilmente dejando su color verdadero (feo). El art\u00ed\u00adculo original lo pueden ver en https:\/\/marklem.com\/mlem\/?p=8 y las fotos aqu\u00ed\u00ad <a href=\"https:\/\/flickr.com\/photos\/13388265@N00\/\" target=\"_blank\" rel=\"noopener noreferrer\">https:\/\/flickr.com\/photos\/13388265@N00\/<\/a><\/strong><\/p>\n","protected":false},"excerpt":{"rendered":"<p>Apple ha mostrado sus nuevas MacBooks las cuales me agradaron mucho y quisiera tener una (se aceptan donaciones) sin embargo hubo algo que no me&#8230;<\/p>\n<div class=\"more-link-wrapper\"><a class=\"more-link\" href=\"https:\/\/skatox.com\/blog\/2006\/05\/18\/la-macbook-negra\/\">Seguir leyendo<span class=\"screen-reader-text\">La MacBook Negra<\/span><\/a><\/div>\n","protected":false},"author":2,"featured_media":0,"comment_status":"open","ping_status":"closed","sticky":false,"template":"","format":"standard","meta":{"jetpack_post_was_ever_published":false,"_jetpack_newsletter_access":"","_jetpack_dont_email_post_to_subs":false,"_jetpack_newsletter_tier_id":0,"_jetpack_memberships_contains_paywalled_content":false,"_jetpack_memberships_contains_paid_content":false,"footnotes":"","jetpack_publicize_message":"","jetpack_publicize_feature_enabled":true,"jetpack_social_post_already_shared":false,"jetpack_social_options":{"image_generator_settings":{"template":"highway","default_image_id":0,"font":"","enabled":false},"version":2}},"categories":[546],"tags":[167],"class_list":["post-65","post","type-post","status-publish","format-standard","hentry","category-applemac","tag-macbook-negra","entry"],"yoast_head":"<!-- This site is optimized with the Yoast SEO plugin v27.5 - https:\/\/yoast.com\/product\/yoast-seo-wordpress\/ -->\n<title>La MacBook Negra - El blog de Skatox<\/title>\n<meta name=\"robots\" content=\"index, follow, max-snippet:-1, max-image-preview:large, max-video-preview:-1\" \/>\n<link rel=\"canonical\" href=\"https:\/\/skatox.com\/blog\/2006\/05\/18\/la-macbook-negra\/\" \/>\n<meta property=\"og:locale\" content=\"es_ES\" \/>\n<meta property=\"og:type\" content=\"article\" \/>\n<meta property=\"og:title\" content=\"La MacBook Negra - El blog de Skatox\" \/>\n<meta property=\"og:description\" content=\"Apple ha mostrado sus nuevas MacBooks las cuales me agradaron mucho y quisiera tener una (se aceptan donaciones) sin embargo hubo algo que no me&#8230;\" \/>\n<meta property=\"og:url\" content=\"https:\/\/skatox.com\/blog\/2006\/05\/18\/la-macbook-negra\/\" \/>\n<meta property=\"og:site_name\" content=\"El blog de Skatox\" \/>\n<meta property=\"article:publisher\" content=\"https:\/\/www.facebook.com\/ElWeblogdeSkatox\/\" \/>\n<meta property=\"article:published_time\" content=\"2006-05-19T03:12:31+00:00\" \/>\n<meta property=\"article:modified_time\" content=\"2024-05-26T16:07:38+00:00\" \/>\n<meta property=\"og:image\" content=\"https:\/\/www.geekculture.com\/joyoftech\/joyimages\/823.gif\" \/>\n<meta name=\"author\" content=\"Miguel Useche\" \/>\n<meta name=\"twitter:card\" content=\"summary_large_image\" \/>\n<meta name=\"twitter:creator\" content=\"@skatox\" \/>\n<meta name=\"twitter:site\" content=\"@skatox\" \/>\n<meta name=\"twitter:label1\" content=\"Escrito por\" \/>\n\t<meta name=\"twitter:data1\" content=\"Miguel Useche\" \/>\n\t<meta name=\"twitter:label2\" content=\"Tiempo de lectura\" \/>\n\t<meta name=\"twitter:data2\" content=\"2 minutos\" \/>\n<script type=\"application\/ld+json\" class=\"yoast-schema-graph\">{\"@context\":\"https:\\\/\\\/schema.org\",\"@graph\":[{\"@type\":\"Article\",\"@id\":\"https:\\\/\\\/skatox.com\\\/blog\\\/2006\\\/05\\\/18\\\/la-macbook-negra\\\/#article\",\"isPartOf\":{\"@id\":\"https:\\\/\\\/skatox.com\\\/blog\\\/2006\\\/05\\\/18\\\/la-macbook-negra\\\/\"},\"author\":{\"name\":\"Miguel Useche\",\"@id\":\"https:\\\/\\\/skatox.com\\\/blog\\\/#\\\/schema\\\/person\\\/e081bf33c5b0f1b0514e253cb578e1ba\"},\"headline\":\"La MacBook Negra\",\"datePublished\":\"2006-05-19T03:12:31+00:00\",\"dateModified\":\"2024-05-26T16:07:38+00:00\",\"mainEntityOfPage\":{\"@id\":\"https:\\\/\\\/skatox.com\\\/blog\\\/2006\\\/05\\\/18\\\/la-macbook-negra\\\/\"},\"wordCount\":203,\"commentCount\":1,\"publisher\":{\"@id\":\"https:\\\/\\\/skatox.com\\\/blog\\\/#organization\"},\"image\":{\"@id\":\"https:\\\/\\\/skatox.com\\\/blog\\\/2006\\\/05\\\/18\\\/la-macbook-negra\\\/#primaryimage\"},\"thumbnailUrl\":\"https:\\\/\\\/www.geekculture.com\\\/joyoftech\\\/joyimages\\\/823.gif\",\"keywords\":[\"macbook negra\"],\"articleSection\":[\"Apple\\\/Mac\"],\"inLanguage\":\"es\",\"potentialAction\":[{\"@type\":\"CommentAction\",\"name\":\"Comment\",\"target\":[\"https:\\\/\\\/skatox.com\\\/blog\\\/2006\\\/05\\\/18\\\/la-macbook-negra\\\/#respond\"]}]},{\"@type\":\"WebPage\",\"@id\":\"https:\\\/\\\/skatox.com\\\/blog\\\/2006\\\/05\\\/18\\\/la-macbook-negra\\\/\",\"url\":\"https:\\\/\\\/skatox.com\\\/blog\\\/2006\\\/05\\\/18\\\/la-macbook-negra\\\/\",\"name\":\"La MacBook Negra - El blog de Skatox\",\"isPartOf\":{\"@id\":\"https:\\\/\\\/skatox.com\\\/blog\\\/#website\"},\"primaryImageOfPage\":{\"@id\":\"https:\\\/\\\/skatox.com\\\/blog\\\/2006\\\/05\\\/18\\\/la-macbook-negra\\\/#primaryimage\"},\"image\":{\"@id\":\"https:\\\/\\\/skatox.com\\\/blog\\\/2006\\\/05\\\/18\\\/la-macbook-negra\\\/#primaryimage\"},\"thumbnailUrl\":\"https:\\\/\\\/www.geekculture.com\\\/joyoftech\\\/joyimages\\\/823.gif\",\"datePublished\":\"2006-05-19T03:12:31+00:00\",\"dateModified\":\"2024-05-26T16:07:38+00:00\",\"breadcrumb\":{\"@id\":\"https:\\\/\\\/skatox.com\\\/blog\\\/2006\\\/05\\\/18\\\/la-macbook-negra\\\/#breadcrumb\"},\"inLanguage\":\"es\",\"potentialAction\":[{\"@type\":\"ReadAction\",\"target\":[\"https:\\\/\\\/skatox.com\\\/blog\\\/2006\\\/05\\\/18\\\/la-macbook-negra\\\/\"]}]},{\"@type\":\"ImageObject\",\"inLanguage\":\"es\",\"@id\":\"https:\\\/\\\/skatox.com\\\/blog\\\/2006\\\/05\\\/18\\\/la-macbook-negra\\\/#primaryimage\",\"url\":\"https:\\\/\\\/www.geekculture.com\\\/joyoftech\\\/joyimages\\\/823.gif\",\"contentUrl\":\"https:\\\/\\\/www.geekculture.com\\\/joyoftech\\\/joyimages\\\/823.gif\"},{\"@type\":\"BreadcrumbList\",\"@id\":\"https:\\\/\\\/skatox.com\\\/blog\\\/2006\\\/05\\\/18\\\/la-macbook-negra\\\/#breadcrumb\",\"itemListElement\":[{\"@type\":\"ListItem\",\"position\":1,\"name\":\"Portada\",\"item\":\"https:\\\/\\\/skatox.com\\\/blog\\\/\"},{\"@type\":\"ListItem\",\"position\":2,\"name\":\"La MacBook Negra\"}]},{\"@type\":\"WebSite\",\"@id\":\"https:\\\/\\\/skatox.com\\\/blog\\\/#website\",\"url\":\"https:\\\/\\\/skatox.com\\\/blog\\\/\",\"name\":\"El blog de Skatox\",\"description\":\"Compartiendo mis opiniones inform\u00e1ticas mas all\u00e1 de los 280 caracteres\",\"publisher\":{\"@id\":\"https:\\\/\\\/skatox.com\\\/blog\\\/#organization\"},\"potentialAction\":[{\"@type\":\"SearchAction\",\"target\":{\"@type\":\"EntryPoint\",\"urlTemplate\":\"https:\\\/\\\/skatox.com\\\/blog\\\/?s={search_term_string}\"},\"query-input\":{\"@type\":\"PropertyValueSpecification\",\"valueRequired\":true,\"valueName\":\"search_term_string\"}}],\"inLanguage\":\"es\"},{\"@type\":\"Organization\",\"@id\":\"https:\\\/\\\/skatox.com\\\/blog\\\/#organization\",\"name\":\"El blog de Skatox\",\"url\":\"https:\\\/\\\/skatox.com\\\/blog\\\/\",\"logo\":{\"@type\":\"ImageObject\",\"inLanguage\":\"es\",\"@id\":\"https:\\\/\\\/skatox.com\\\/blog\\\/#\\\/schema\\\/logo\\\/image\\\/\",\"url\":\"https:\\\/\\\/skatox.com\\\/blog\\\/images\\\/2022\\\/03\\\/tux.png\",\"contentUrl\":\"https:\\\/\\\/skatox.com\\\/blog\\\/images\\\/2022\\\/03\\\/tux.png\",\"width\":218,\"height\":218,\"caption\":\"El blog de Skatox\"},\"image\":{\"@id\":\"https:\\\/\\\/skatox.com\\\/blog\\\/#\\\/schema\\\/logo\\\/image\\\/\"},\"sameAs\":[\"https:\\\/\\\/www.facebook.com\\\/ElWeblogdeSkatox\\\/\",\"https:\\\/\\\/x.com\\\/skatox\",\"https:\\\/\\\/www.linkedin.com\\\/in\\\/skatox\\\/\",\"https:\\\/\\\/www.youtube.com\\\/c\\\/MiguelAngelUsecheCastro\",\"https:\\\/\\\/x.com\\\/skatox\\\/\"]},{\"@type\":\"Person\",\"@id\":\"https:\\\/\\\/skatox.com\\\/blog\\\/#\\\/schema\\\/person\\\/e081bf33c5b0f1b0514e253cb578e1ba\",\"name\":\"Miguel Useche\",\"image\":{\"@type\":\"ImageObject\",\"inLanguage\":\"es\",\"@id\":\"https:\\\/\\\/skatox.com\\\/blog\\\/wp-content\\\/litespeed\\\/avatar\\\/aec95b02408138cb9d08288435373552.jpg?ver=1776995078\",\"url\":\"https:\\\/\\\/skatox.com\\\/blog\\\/wp-content\\\/litespeed\\\/avatar\\\/aec95b02408138cb9d08288435373552.jpg?ver=1776995078\",\"contentUrl\":\"https:\\\/\\\/skatox.com\\\/blog\\\/wp-content\\\/litespeed\\\/avatar\\\/aec95b02408138cb9d08288435373552.jpg?ver=1776995078\",\"caption\":\"Miguel Useche\"},\"sameAs\":[\"https:\\\/\\\/skatox.com\",\"https:\\\/\\\/x.com\\\/skatox\"]}]}<\/script>\n<!-- \/ Yoast SEO plugin. -->","yoast_head_json":{"title":"La MacBook Negra - El blog de Skatox","robots":{"index":"index","follow":"follow","max-snippet":"max-snippet:-1","max-image-preview":"max-image-preview:large","max-video-preview":"max-video-preview:-1"},"canonical":"https:\/\/skatox.com\/blog\/2006\/05\/18\/la-macbook-negra\/","og_locale":"es_ES","og_type":"article","og_title":"La MacBook Negra - El blog de Skatox","og_description":"Apple ha mostrado sus nuevas MacBooks las cuales me agradaron mucho y quisiera tener una (se aceptan donaciones) sin embargo hubo algo que no me&#8230;","og_url":"https:\/\/skatox.com\/blog\/2006\/05\/18\/la-macbook-negra\/","og_site_name":"El blog de Skatox","article_publisher":"https:\/\/www.facebook.com\/ElWeblogdeSkatox\/","article_published_time":"2006-05-19T03:12:31+00:00","article_modified_time":"2024-05-26T16:07:38+00:00","og_image":[{"url":"https:\/\/www.geekculture.com\/joyoftech\/joyimages\/823.gif","type":"","width":"","height":""}],"author":"Miguel Useche","twitter_card":"summary_large_image","twitter_creator":"@skatox","twitter_site":"@skatox","twitter_misc":{"Escrito por":"Miguel Useche","Tiempo de lectura":"2 minutos"},"schema":{"@context":"https:\/\/schema.org","@graph":[{"@type":"Article","@id":"https:\/\/skatox.com\/blog\/2006\/05\/18\/la-macbook-negra\/#article","isPartOf":{"@id":"https:\/\/skatox.com\/blog\/2006\/05\/18\/la-macbook-negra\/"},"author":{"name":"Miguel Useche","@id":"https:\/\/skatox.com\/blog\/#\/schema\/person\/e081bf33c5b0f1b0514e253cb578e1ba"},"headline":"La MacBook Negra","datePublished":"2006-05-19T03:12:31+00:00","dateModified":"2024-05-26T16:07:38+00:00","mainEntityOfPage":{"@id":"https:\/\/skatox.com\/blog\/2006\/05\/18\/la-macbook-negra\/"},"wordCount":203,"commentCount":1,"publisher":{"@id":"https:\/\/skatox.com\/blog\/#organization"},"image":{"@id":"https:\/\/skatox.com\/blog\/2006\/05\/18\/la-macbook-negra\/#primaryimage"},"thumbnailUrl":"https:\/\/www.geekculture.com\/joyoftech\/joyimages\/823.gif","keywords":["macbook negra"],"articleSection":["Apple\/Mac"],"inLanguage":"es","potentialAction":[{"@type":"CommentAction","name":"Comment","target":["https:\/\/skatox.com\/blog\/2006\/05\/18\/la-macbook-negra\/#respond"]}]},{"@type":"WebPage","@id":"https:\/\/skatox.com\/blog\/2006\/05\/18\/la-macbook-negra\/","url":"https:\/\/skatox.com\/blog\/2006\/05\/18\/la-macbook-negra\/","name":"La MacBook Negra - El blog de Skatox","isPartOf":{"@id":"https:\/\/skatox.com\/blog\/#website"},"primaryImageOfPage":{"@id":"https:\/\/skatox.com\/blog\/2006\/05\/18\/la-macbook-negra\/#primaryimage"},"image":{"@id":"https:\/\/skatox.com\/blog\/2006\/05\/18\/la-macbook-negra\/#primaryimage"},"thumbnailUrl":"https:\/\/www.geekculture.com\/joyoftech\/joyimages\/823.gif","datePublished":"2006-05-19T03:12:31+00:00","dateModified":"2024-05-26T16:07:38+00:00","breadcrumb":{"@id":"https:\/\/skatox.com\/blog\/2006\/05\/18\/la-macbook-negra\/#breadcrumb"},"inLanguage":"es","potentialAction":[{"@type":"ReadAction","target":["https:\/\/skatox.com\/blog\/2006\/05\/18\/la-macbook-negra\/"]}]},{"@type":"ImageObject","inLanguage":"es","@id":"https:\/\/skatox.com\/blog\/2006\/05\/18\/la-macbook-negra\/#primaryimage","url":"https:\/\/www.geekculture.com\/joyoftech\/joyimages\/823.gif","contentUrl":"https:\/\/www.geekculture.com\/joyoftech\/joyimages\/823.gif"},{"@type":"BreadcrumbList","@id":"https:\/\/skatox.com\/blog\/2006\/05\/18\/la-macbook-negra\/#breadcrumb","itemListElement":[{"@type":"ListItem","position":1,"name":"Portada","item":"https:\/\/skatox.com\/blog\/"},{"@type":"ListItem","position":2,"name":"La MacBook Negra"}]},{"@type":"WebSite","@id":"https:\/\/skatox.com\/blog\/#website","url":"https:\/\/skatox.com\/blog\/","name":"El blog de Skatox","description":"Compartiendo mis opiniones inform\u00e1ticas mas all\u00e1 de los 280 caracteres","publisher":{"@id":"https:\/\/skatox.com\/blog\/#organization"},"potentialAction":[{"@type":"SearchAction","target":{"@type":"EntryPoint","urlTemplate":"https:\/\/skatox.com\/blog\/?s={search_term_string}"},"query-input":{"@type":"PropertyValueSpecification","valueRequired":true,"valueName":"search_term_string"}}],"inLanguage":"es"},{"@type":"Organization","@id":"https:\/\/skatox.com\/blog\/#organization","name":"El blog de Skatox","url":"https:\/\/skatox.com\/blog\/","logo":{"@type":"ImageObject","inLanguage":"es","@id":"https:\/\/skatox.com\/blog\/#\/schema\/logo\/image\/","url":"https:\/\/skatox.com\/blog\/images\/2022\/03\/tux.png","contentUrl":"https:\/\/skatox.com\/blog\/images\/2022\/03\/tux.png","width":218,"height":218,"caption":"El blog de Skatox"},"image":{"@id":"https:\/\/skatox.com\/blog\/#\/schema\/logo\/image\/"},"sameAs":["https:\/\/www.facebook.com\/ElWeblogdeSkatox\/","https:\/\/x.com\/skatox","https:\/\/www.linkedin.com\/in\/skatox\/","https:\/\/www.youtube.com\/c\/MiguelAngelUsecheCastro","https:\/\/x.com\/skatox\/"]},{"@type":"Person","@id":"https:\/\/skatox.com\/blog\/#\/schema\/person\/e081bf33c5b0f1b0514e253cb578e1ba","name":"Miguel Useche","image":{"@type":"ImageObject","inLanguage":"es","@id":"https:\/\/skatox.com\/blog\/wp-content\/litespeed\/avatar\/aec95b02408138cb9d08288435373552.jpg?ver=1776995078","url":"https:\/\/skatox.com\/blog\/wp-content\/litespeed\/avatar\/aec95b02408138cb9d08288435373552.jpg?ver=1776995078","contentUrl":"https:\/\/skatox.com\/blog\/wp-content\/litespeed\/avatar\/aec95b02408138cb9d08288435373552.jpg?ver=1776995078","caption":"Miguel Useche"},"sameAs":["https:\/\/skatox.com","https:\/\/x.com\/skatox"]}]}},"jetpack_publicize_connections":[],"jetpack_featured_media_url":"","jetpack_sharing_enabled":true,"jetpack-related-posts":[{"id":35,"url":"https:\/\/skatox.com\/blog\/2006\/01\/15\/la-nueva-macbookpro\/","url_meta":{"origin":65,"position":0},"title":"La nueva MacBookPro","author":"Miguel Useche","date":"15 de enero de 2006","format":false,"excerpt":"Pues Apple ha mostrado las nuevas port\u00e1tiles Mac con procesador Intel, lo cual para m\u00ed\u00ad ha sido la noticia de la semana en el mundo de la inform\u00e1tica. Con respecto a mi post anterior, ahora veo que Intel se va a ganar un sector nuevo de usuarios, lo cual es\u2026","rel":"","context":"En \u00abApple\/Mac\u00bb","block_context":{"text":"Apple\/Mac","link":"https:\/\/skatox.com\/blog\/category\/applemac\/"},"img":{"alt_text":"","src":"","width":0,"height":0},"classes":[]},{"id":2573,"url":"https:\/\/skatox.com\/blog\/2013\/02\/14\/mi-opinion-sobre-pirate-bay-keyboard\/","url_meta":{"origin":65,"position":1},"title":"Mi opini\u00f3n sobre The Pirate Bay: Away From Keyboard","author":"Miguel Useche","date":"14 de febrero de 2013","format":false,"excerpt":"The Pirate Bay: Away From Keyboard es un documental creado por Simon Klose, all\u00ed se muestra los eventos ocurridos durante el juicio de los creadores del sitio ante una demanda de 13 millones de d\u00f3lares por infracci\u00f3n de derechos de autor de pel\u00edculas de Hollywood. Yo suelo evitar la descarga\u2026","rel":"","context":"En \u00abDocumentales o Videos\u00bb","block_context":{"text":"Documentales o Videos","link":"https:\/\/skatox.com\/blog\/category\/videos\/"},"img":{"alt_text":"","src":"https:\/\/i0.wp.com\/img.youtube.com\/vi\/ngkYC1tgFQ8\/0.jpg?resize=350%2C200","width":350,"height":200},"classes":[]},{"id":2210,"url":"https:\/\/skatox.com\/blog\/2011\/10\/05\/steve-jobs-ha-muerto\/","url_meta":{"origin":65,"position":2},"title":"Steve Jobs ha muerto :(","author":"Miguel Useche","date":"5 de octubre de 2011","format":false,"excerpt":"Hace unos minutos navegando por Google Plus, veo que Tom (el de Myspace) publica una noticia sobre la muerte de Steve Jobs, luego entro a Wikipedia y veo la fecha de hoy como su muerte, pero al entrar a Apple y no ver nada del anuncio me parecia extra\u00f1a la\u2026","rel":"","context":"En \u00abPlanetas\u00bb","block_context":{"text":"Planetas","link":"https:\/\/skatox.com\/blog\/category\/planetas-linux\/"},"img":{"alt_text":"Steve Jobs (1955-2011)","src":"https:\/\/i0.wp.com\/skatox.com\/blog\/images\/2011\/10\/43-347x600.jpg?resize=350%2C200&ssl=1","width":350,"height":200},"classes":[]},{"id":815,"url":"https:\/\/skatox.com\/blog\/2009\/07\/07\/geeks-are-the-new-pimp\/","url_meta":{"origin":65,"position":3},"title":"Geeks are the new pimp","author":"Miguel Useche","date":"7 de julio de 2009","format":false,"excerpt":"Aqu\u00ed\u00ad les dejo el video de m\u00fasica Geek de este mes, de nuevo, tenemos de nuevo a Monzy el mismo autor de Kill\u00a0 -9 con este rap sobre los geeks y los nuevos pimp. Como Geek, puedo decir que es verdad, los geeks son como p.i.m.p.s (en el sentido de\u2026","rel":"","context":"En \u00abMusica Geek\u00bb","block_context":{"text":"Musica Geek","link":"https:\/\/skatox.com\/blog\/category\/musica-geek\/"},"img":{"alt_text":"","src":"https:\/\/i0.wp.com\/img.youtube.com\/vi\/_mVDdmEinrM\/0.jpg?resize=350%2C200","width":350,"height":200},"classes":[]},{"id":4320,"url":"https:\/\/skatox.com\/blog\/2021\/09\/20\/sirve-una-mac-con-apple-sillicon-m1-para-el-desarrollo-web\/","url_meta":{"origin":65,"position":4},"title":"\u00bfSirve una Mac con Apple Sillicon (M1, M1 Pro, M1 Max) para el desarrollo web?","author":"Miguel Useche","date":"20 de septiembre de 2021","format":false,"excerpt":"Hace unos meses adquir\u00ed una Mac mini con el nuevo procesador de Apple Sillicon (M1). Estaba buscando remplazar mi Mac mini anterior y cuando vi que sacaron nuevos equipos con el chip M1 que en las pruebas de rendimiento superaban a la mayor\u00eda de procesadores, no produc\u00edan mucho calor (vivo\u2026","rel":"","context":"En \u00abApple\/Mac\u00bb","block_context":{"text":"Apple\/Mac","link":"https:\/\/skatox.com\/blog\/category\/applemac\/"},"img":{"alt_text":"El chip de Apple Sillicon (M1)","src":"https:\/\/i0.wp.com\/skatox.com\/blog\/images\/2021\/09\/apple-M1.jpg?resize=350%2C200&ssl=1","width":350,"height":200},"classes":[]},{"id":104,"url":"https:\/\/skatox.com\/blog\/2006\/11\/08\/java-sera-gpl\/","url_meta":{"origin":65,"position":5},"title":"\u00bfJava ser\u00e1 GPL?","author":"Miguel Useche","date":"8 de noviembre de 2006","format":false,"excerpt":"\u00a1Guao! hoy me entero por medio de Slashdot y Barrapunto que al parecer Sun Microsystem usar\u00e1 la licencia GPL (la misma que tiene Linux) al momento de liberar Java el pr\u00f3ximo a\u00f1o. Es una sorpresa para muchos (aunque todav\u00ed\u00ada no es oficial) ya que la mayor\u00ed\u00ada de las personas pens\u00e1bamos\u2026","rel":"","context":"En \u00abJava\u00bb","block_context":{"text":"Java","link":"https:\/\/skatox.com\/blog\/category\/todo-lo-relacionado-al-desarrollo-de-software\/java-netbeans\/"},"img":{"alt_text":"","src":"","width":0,"height":0},"classes":[]}],"_links":{"self":[{"href":"https:\/\/skatox.com\/blog\/wp-json\/wp\/v2\/posts\/65","targetHints":{"allow":["GET"]}}],"collection":[{"href":"https:\/\/skatox.com\/blog\/wp-json\/wp\/v2\/posts"}],"about":[{"href":"https:\/\/skatox.com\/blog\/wp-json\/wp\/v2\/types\/post"}],"author":[{"embeddable":true,"href":"https:\/\/skatox.com\/blog\/wp-json\/wp\/v2\/users\/2"}],"replies":[{"embeddable":true,"href":"https:\/\/skatox.com\/blog\/wp-json\/wp\/v2\/comments?post=65"}],"version-history":[{"count":0,"href":"https:\/\/skatox.com\/blog\/wp-json\/wp\/v2\/posts\/65\/revisions"}],"wp:attachment":[{"href":"https:\/\/skatox.com\/blog\/wp-json\/wp\/v2\/media?parent=65"}],"wp:term":[{"taxonomy":"category","embeddable":true,"href":"https:\/\/skatox.com\/blog\/wp-json\/wp\/v2\/categories?post=65"},{"taxonomy":"post_tag","embeddable":true,"href":"https:\/\/skatox.com\/blog\/wp-json\/wp\/v2\/tags?post=65"}],"curies":[{"name":"wp","href":"https:\/\/api.w.org\/{rel}","templated":true}]}}