{"id":249,"date":"2008-01-08T10:39:02","date_gmt":"2008-01-08T14:39:02","guid":{"rendered":"https:\/\/skatox.com\/blog\/?p=249"},"modified":"2024-05-26T08:52:27","modified_gmt":"2024-05-26T13:52:27","slug":"el-ultimo-dia-de-bill-gates-en-microsoft","status":"publish","type":"post","link":"https:\/\/skatox.com\/blog\/2008\/01\/08\/el-ultimo-dia-de-bill-gates-en-microsoft\/","title":{"rendered":"El \u00faltimo d\u00ed\u00ada de Bill Gates en Microsoft"},"content":{"rendered":"\n<p>Tal y como lo <a href=\"https:\/\/skatox.com\/blog\/2008\/01\/08\/el-ultimo-dia-de-bill-gates-en-microsoft\/\">coment\u00e9 hace a\u00f1o y medio en mi blog<\/a>, Bill Gates se va de Microsoft este a\u00f1o. Con respecto a ello, les recomiendo que deben ver este v\u00ed\u00addeo mostrado en la <a href=\"https:\/\/en.wikipedia.org\/wiki\/Consumer_Electronics_Show\">CES <\/a>2008 y <strong>creado por la misma Microsoft <\/strong> acerca del \u00faltimo d\u00ed\u00ada de trabajo de Bill Gates en Microsoft que es muy c\u00f3mico, con muchas personalidades famosas y bien realizado:<\/p>\n\n\n<figure class=\"wp-block-embed-youtube wp-block-embed is-type-video is-provider-youtube wp-embed-aspect-4-3 wp-has-aspect-ratio\"><div class=\"lyte-wrapper\" title=\"Bill Gates&amp;#039; Farewell - Microsoft at CES 2008\" style=\"width:640px;max-width:100%;margin:5px auto;\"><div class=\"lyMe\" id=\"WYL_v5uw07iEkjU\" itemprop=\"video\" itemscope itemtype=\"https:\/\/schema.org\/VideoObject\"><div><meta itemprop=\"thumbnailUrl\" content=\"https:\/\/skatox.com\/blog\/wp-content\/plugins\/wp-youtube-lyte\/lyteCache.php?origThumbUrl=https%3A%2F%2Fi.ytimg.com%2Fvi%2Fv5uw07iEkjU%2Fhqdefault.jpg\" \/><meta itemprop=\"embedURL\" content=\"https:\/\/www.youtube.com\/embed\/v5uw07iEkjU\" \/><meta itemprop=\"duration\" content=\"PT7M47S\" \/><meta itemprop=\"uploadDate\" content=\"2008-01-07T21:40:05Z\" \/><\/div><div id=\"lyte_v5uw07iEkjU\" data-src=\"https:\/\/skatox.com\/blog\/wp-content\/plugins\/wp-youtube-lyte\/lyteCache.php?origThumbUrl=https%3A%2F%2Fi.ytimg.com%2Fvi%2Fv5uw07iEkjU%2Fhqdefault.jpg\" class=\"pL\"><div class=\"tC\"><div class=\"tT\" itemprop=\"name\">Bill Gates&#039; Farewell - Microsoft at CES 2008<\/div><\/div><div class=\"play\"><\/div><div class=\"ctrl\"><div class=\"Lctrl\"><\/div><div class=\"Rctrl\"><\/div><\/div><\/div><noscript><a href=\"https:\/\/youtu.be\/v5uw07iEkjU\" rel=\"nofollow\"><img decoding=\"async\" src=\"https:\/\/skatox.com\/blog\/wp-content\/plugins\/wp-youtube-lyte\/lyteCache.php?origThumbUrl=https%3A%2F%2Fi.ytimg.com%2Fvi%2Fv5uw07iEkjU%2F0.jpg\" alt=\"Bill Gates&amp;#039; Farewell - Microsoft at CES 2008\" width=\"640\" height=\"340\" \/><br \/>Ver este v\u00eddeo en YouTube<\/a><\/noscript><meta itemprop=\"description\" content=\"Featuring Bill Gates, Steve Ballmer, Barack Obama, Steven Spielberg, Hillary Clinton, Bono and more!\"><\/div><\/div><div class=\"lL\" style=\"max-width:100%;width:640px;margin:5px auto;\"><\/div><figcaption><\/figcaption><\/figure>","protected":false},"excerpt":{"rendered":"<p>Tal y como lo coment\u00e9 hace a\u00f1o y medio en mi blog, Bill Gates se va de Microsoft este a\u00f1o. Con respecto a ello, les&#8230;<\/p>\n<div class=\"more-link-wrapper\"><a class=\"more-link\" href=\"https:\/\/skatox.com\/blog\/2008\/01\/08\/el-ultimo-dia-de-bill-gates-en-microsoft\/\">Seguir leyendo<span class=\"screen-reader-text\">El \u00faltimo d\u00ed\u00ada de Bill Gates en Microsoft<\/span><\/a><\/div>\n","protected":false},"author":2,"featured_media":0,"comment_status":"open","ping_status":"open","sticky":false,"template":"","format":"standard","meta":{"jetpack_post_was_ever_published":false,"_jetpack_newsletter_access":"","_jetpack_dont_email_post_to_subs":false,"_jetpack_newsletter_tier_id":0,"_jetpack_memberships_contains_paywalled_content":false,"_jetpack_memberships_contains_paid_content":false,"footnotes":"","jetpack_publicize_message":"","jetpack_publicize_feature_enabled":true,"jetpack_social_post_already_shared":false,"jetpack_social_options":{"image_generator_settings":{"template":"highway","default_image_id":0,"font":"","enabled":false},"version":2}},"categories":[551],"tags":[171,89,173,66,273],"class_list":["post-249","post","type-post","status-publish","format-standard","hentry","category-microsoftwindows","tag-bill-gates","tag-humor","tag-jubilacion","tag-microsoft","tag-retiro","entry"],"yoast_head":"<!-- This site is optimized with the Yoast SEO plugin v27.5 - https:\/\/yoast.com\/product\/yoast-seo-wordpress\/ -->\n<title>El \u00faltimo d\u00ed\u00ada de Bill Gates en Microsoft - El blog de Skatox<\/title>\n<meta name=\"robots\" content=\"index, follow, max-snippet:-1, max-image-preview:large, max-video-preview:-1\" \/>\n<link rel=\"canonical\" href=\"https:\/\/skatox.com\/blog\/2008\/01\/08\/el-ultimo-dia-de-bill-gates-en-microsoft\/\" \/>\n<meta property=\"og:locale\" content=\"es_ES\" \/>\n<meta property=\"og:type\" content=\"article\" \/>\n<meta property=\"og:title\" content=\"El \u00faltimo d\u00ed\u00ada de Bill Gates en Microsoft - El blog de Skatox\" \/>\n<meta property=\"og:description\" content=\"Tal y como lo coment\u00e9 hace a\u00f1o y medio en mi blog, Bill Gates se va de Microsoft este a\u00f1o. Con respecto a ello, les&#8230;\" \/>\n<meta property=\"og:url\" content=\"https:\/\/skatox.com\/blog\/2008\/01\/08\/el-ultimo-dia-de-bill-gates-en-microsoft\/\" \/>\n<meta property=\"og:site_name\" content=\"El blog de Skatox\" \/>\n<meta property=\"article:publisher\" content=\"https:\/\/www.facebook.com\/ElWeblogdeSkatox\/\" \/>\n<meta property=\"article:published_time\" content=\"2008-01-08T14:39:02+00:00\" \/>\n<meta property=\"article:modified_time\" content=\"2024-05-26T13:52:27+00:00\" \/>\n<meta property=\"og:image\" content=\"https:\/\/skatox.com\/blog\/images\/2015\/12\/skatux.png\" \/>\n\t<meta property=\"og:image:width\" content=\"625\" \/>\n\t<meta property=\"og:image:height\" content=\"603\" \/>\n\t<meta property=\"og:image:type\" content=\"image\/png\" \/>\n<meta name=\"author\" content=\"Miguel Useche\" \/>\n<meta name=\"twitter:card\" content=\"summary_large_image\" \/>\n<meta name=\"twitter:creator\" content=\"@skatox\" \/>\n<meta name=\"twitter:site\" content=\"@skatox\" \/>\n<meta name=\"twitter:label1\" content=\"Escrito por\" \/>\n\t<meta name=\"twitter:data1\" content=\"Miguel Useche\" \/>\n\t<meta name=\"twitter:label2\" content=\"Tiempo de lectura\" \/>\n\t<meta name=\"twitter:data2\" content=\"1 minuto\" \/>\n<script type=\"application\/ld+json\" class=\"yoast-schema-graph\">{\"@context\":\"https:\\\/\\\/schema.org\",\"@graph\":[{\"@type\":\"Article\",\"@id\":\"https:\\\/\\\/skatox.com\\\/blog\\\/2008\\\/01\\\/08\\\/el-ultimo-dia-de-bill-gates-en-microsoft\\\/#article\",\"isPartOf\":{\"@id\":\"https:\\\/\\\/skatox.com\\\/blog\\\/2008\\\/01\\\/08\\\/el-ultimo-dia-de-bill-gates-en-microsoft\\\/\"},\"author\":{\"name\":\"Miguel Useche\",\"@id\":\"https:\\\/\\\/skatox.com\\\/blog\\\/#\\\/schema\\\/person\\\/e081bf33c5b0f1b0514e253cb578e1ba\"},\"headline\":\"El \u00faltimo d\u00ed\u00ada de Bill Gates en Microsoft\",\"datePublished\":\"2008-01-08T14:39:02+00:00\",\"dateModified\":\"2024-05-26T13:52:27+00:00\",\"mainEntityOfPage\":{\"@id\":\"https:\\\/\\\/skatox.com\\\/blog\\\/2008\\\/01\\\/08\\\/el-ultimo-dia-de-bill-gates-en-microsoft\\\/\"},\"wordCount\":86,\"commentCount\":0,\"publisher\":{\"@id\":\"https:\\\/\\\/skatox.com\\\/blog\\\/#organization\"},\"keywords\":[\"bill gates\",\"humor\",\"jubilacion\",\"microsoft\",\"retiro\"],\"articleSection\":[\"Microsoft\\\/Windows\"],\"inLanguage\":\"es\",\"potentialAction\":[{\"@type\":\"CommentAction\",\"name\":\"Comment\",\"target\":[\"https:\\\/\\\/skatox.com\\\/blog\\\/2008\\\/01\\\/08\\\/el-ultimo-dia-de-bill-gates-en-microsoft\\\/#respond\"]}]},{\"@type\":\"WebPage\",\"@id\":\"https:\\\/\\\/skatox.com\\\/blog\\\/2008\\\/01\\\/08\\\/el-ultimo-dia-de-bill-gates-en-microsoft\\\/\",\"url\":\"https:\\\/\\\/skatox.com\\\/blog\\\/2008\\\/01\\\/08\\\/el-ultimo-dia-de-bill-gates-en-microsoft\\\/\",\"name\":\"El \u00faltimo d\u00ed\u00ada de Bill Gates en Microsoft - El blog de Skatox\",\"isPartOf\":{\"@id\":\"https:\\\/\\\/skatox.com\\\/blog\\\/#website\"},\"datePublished\":\"2008-01-08T14:39:02+00:00\",\"dateModified\":\"2024-05-26T13:52:27+00:00\",\"breadcrumb\":{\"@id\":\"https:\\\/\\\/skatox.com\\\/blog\\\/2008\\\/01\\\/08\\\/el-ultimo-dia-de-bill-gates-en-microsoft\\\/#breadcrumb\"},\"inLanguage\":\"es\",\"potentialAction\":[{\"@type\":\"ReadAction\",\"target\":[\"https:\\\/\\\/skatox.com\\\/blog\\\/2008\\\/01\\\/08\\\/el-ultimo-dia-de-bill-gates-en-microsoft\\\/\"]}]},{\"@type\":\"BreadcrumbList\",\"@id\":\"https:\\\/\\\/skatox.com\\\/blog\\\/2008\\\/01\\\/08\\\/el-ultimo-dia-de-bill-gates-en-microsoft\\\/#breadcrumb\",\"itemListElement\":[{\"@type\":\"ListItem\",\"position\":1,\"name\":\"Portada\",\"item\":\"https:\\\/\\\/skatox.com\\\/blog\\\/\"},{\"@type\":\"ListItem\",\"position\":2,\"name\":\"El \u00faltimo d\u00ed\u00ada de Bill Gates en Microsoft\"}]},{\"@type\":\"WebSite\",\"@id\":\"https:\\\/\\\/skatox.com\\\/blog\\\/#website\",\"url\":\"https:\\\/\\\/skatox.com\\\/blog\\\/\",\"name\":\"El blog de Skatox\",\"description\":\"Compartiendo mis opiniones inform\u00e1ticas mas all\u00e1 de los 280 caracteres\",\"publisher\":{\"@id\":\"https:\\\/\\\/skatox.com\\\/blog\\\/#organization\"},\"potentialAction\":[{\"@type\":\"SearchAction\",\"target\":{\"@type\":\"EntryPoint\",\"urlTemplate\":\"https:\\\/\\\/skatox.com\\\/blog\\\/?s={search_term_string}\"},\"query-input\":{\"@type\":\"PropertyValueSpecification\",\"valueRequired\":true,\"valueName\":\"search_term_string\"}}],\"inLanguage\":\"es\"},{\"@type\":\"Organization\",\"@id\":\"https:\\\/\\\/skatox.com\\\/blog\\\/#organization\",\"name\":\"El blog de Skatox\",\"url\":\"https:\\\/\\\/skatox.com\\\/blog\\\/\",\"logo\":{\"@type\":\"ImageObject\",\"inLanguage\":\"es\",\"@id\":\"https:\\\/\\\/skatox.com\\\/blog\\\/#\\\/schema\\\/logo\\\/image\\\/\",\"url\":\"https:\\\/\\\/skatox.com\\\/blog\\\/images\\\/2022\\\/03\\\/tux.png\",\"contentUrl\":\"https:\\\/\\\/skatox.com\\\/blog\\\/images\\\/2022\\\/03\\\/tux.png\",\"width\":218,\"height\":218,\"caption\":\"El blog de Skatox\"},\"image\":{\"@id\":\"https:\\\/\\\/skatox.com\\\/blog\\\/#\\\/schema\\\/logo\\\/image\\\/\"},\"sameAs\":[\"https:\\\/\\\/www.facebook.com\\\/ElWeblogdeSkatox\\\/\",\"https:\\\/\\\/x.com\\\/skatox\",\"https:\\\/\\\/www.linkedin.com\\\/in\\\/skatox\\\/\",\"https:\\\/\\\/www.youtube.com\\\/c\\\/MiguelAngelUsecheCastro\",\"https:\\\/\\\/x.com\\\/skatox\\\/\"]},{\"@type\":\"Person\",\"@id\":\"https:\\\/\\\/skatox.com\\\/blog\\\/#\\\/schema\\\/person\\\/e081bf33c5b0f1b0514e253cb578e1ba\",\"name\":\"Miguel Useche\",\"image\":{\"@type\":\"ImageObject\",\"inLanguage\":\"es\",\"@id\":\"https:\\\/\\\/skatox.com\\\/blog\\\/wp-content\\\/litespeed\\\/avatar\\\/aec95b02408138cb9d08288435373552.jpg?ver=1776995078\",\"url\":\"https:\\\/\\\/skatox.com\\\/blog\\\/wp-content\\\/litespeed\\\/avatar\\\/aec95b02408138cb9d08288435373552.jpg?ver=1776995078\",\"contentUrl\":\"https:\\\/\\\/skatox.com\\\/blog\\\/wp-content\\\/litespeed\\\/avatar\\\/aec95b02408138cb9d08288435373552.jpg?ver=1776995078\",\"caption\":\"Miguel Useche\"},\"sameAs\":[\"https:\\\/\\\/skatox.com\",\"https:\\\/\\\/x.com\\\/skatox\"]}]}<\/script>\n<!-- \/ Yoast SEO plugin. -->","yoast_head_json":{"title":"El \u00faltimo d\u00ed\u00ada de Bill Gates en Microsoft - El blog de Skatox","robots":{"index":"index","follow":"follow","max-snippet":"max-snippet:-1","max-image-preview":"max-image-preview:large","max-video-preview":"max-video-preview:-1"},"canonical":"https:\/\/skatox.com\/blog\/2008\/01\/08\/el-ultimo-dia-de-bill-gates-en-microsoft\/","og_locale":"es_ES","og_type":"article","og_title":"El \u00faltimo d\u00ed\u00ada de Bill Gates en Microsoft - El blog de Skatox","og_description":"Tal y como lo coment\u00e9 hace a\u00f1o y medio en mi blog, Bill Gates se va de Microsoft este a\u00f1o. Con respecto a ello, les&#8230;","og_url":"https:\/\/skatox.com\/blog\/2008\/01\/08\/el-ultimo-dia-de-bill-gates-en-microsoft\/","og_site_name":"El blog de Skatox","article_publisher":"https:\/\/www.facebook.com\/ElWeblogdeSkatox\/","article_published_time":"2008-01-08T14:39:02+00:00","article_modified_time":"2024-05-26T13:52:27+00:00","og_image":[{"width":625,"height":603,"url":"https:\/\/skatox.com\/blog\/images\/2015\/12\/skatux.png","type":"image\/png"}],"author":"Miguel Useche","twitter_card":"summary_large_image","twitter_creator":"@skatox","twitter_site":"@skatox","twitter_misc":{"Escrito por":"Miguel Useche","Tiempo de lectura":"1 minuto"},"schema":{"@context":"https:\/\/schema.org","@graph":[{"@type":"Article","@id":"https:\/\/skatox.com\/blog\/2008\/01\/08\/el-ultimo-dia-de-bill-gates-en-microsoft\/#article","isPartOf":{"@id":"https:\/\/skatox.com\/blog\/2008\/01\/08\/el-ultimo-dia-de-bill-gates-en-microsoft\/"},"author":{"name":"Miguel Useche","@id":"https:\/\/skatox.com\/blog\/#\/schema\/person\/e081bf33c5b0f1b0514e253cb578e1ba"},"headline":"El \u00faltimo d\u00ed\u00ada de Bill Gates en Microsoft","datePublished":"2008-01-08T14:39:02+00:00","dateModified":"2024-05-26T13:52:27+00:00","mainEntityOfPage":{"@id":"https:\/\/skatox.com\/blog\/2008\/01\/08\/el-ultimo-dia-de-bill-gates-en-microsoft\/"},"wordCount":86,"commentCount":0,"publisher":{"@id":"https:\/\/skatox.com\/blog\/#organization"},"keywords":["bill gates","humor","jubilacion","microsoft","retiro"],"articleSection":["Microsoft\/Windows"],"inLanguage":"es","potentialAction":[{"@type":"CommentAction","name":"Comment","target":["https:\/\/skatox.com\/blog\/2008\/01\/08\/el-ultimo-dia-de-bill-gates-en-microsoft\/#respond"]}]},{"@type":"WebPage","@id":"https:\/\/skatox.com\/blog\/2008\/01\/08\/el-ultimo-dia-de-bill-gates-en-microsoft\/","url":"https:\/\/skatox.com\/blog\/2008\/01\/08\/el-ultimo-dia-de-bill-gates-en-microsoft\/","name":"El \u00faltimo d\u00ed\u00ada de Bill Gates en Microsoft - El blog de Skatox","isPartOf":{"@id":"https:\/\/skatox.com\/blog\/#website"},"datePublished":"2008-01-08T14:39:02+00:00","dateModified":"2024-05-26T13:52:27+00:00","breadcrumb":{"@id":"https:\/\/skatox.com\/blog\/2008\/01\/08\/el-ultimo-dia-de-bill-gates-en-microsoft\/#breadcrumb"},"inLanguage":"es","potentialAction":[{"@type":"ReadAction","target":["https:\/\/skatox.com\/blog\/2008\/01\/08\/el-ultimo-dia-de-bill-gates-en-microsoft\/"]}]},{"@type":"BreadcrumbList","@id":"https:\/\/skatox.com\/blog\/2008\/01\/08\/el-ultimo-dia-de-bill-gates-en-microsoft\/#breadcrumb","itemListElement":[{"@type":"ListItem","position":1,"name":"Portada","item":"https:\/\/skatox.com\/blog\/"},{"@type":"ListItem","position":2,"name":"El \u00faltimo d\u00ed\u00ada de Bill Gates en Microsoft"}]},{"@type":"WebSite","@id":"https:\/\/skatox.com\/blog\/#website","url":"https:\/\/skatox.com\/blog\/","name":"El blog de Skatox","description":"Compartiendo mis opiniones inform\u00e1ticas mas all\u00e1 de los 280 caracteres","publisher":{"@id":"https:\/\/skatox.com\/blog\/#organization"},"potentialAction":[{"@type":"SearchAction","target":{"@type":"EntryPoint","urlTemplate":"https:\/\/skatox.com\/blog\/?s={search_term_string}"},"query-input":{"@type":"PropertyValueSpecification","valueRequired":true,"valueName":"search_term_string"}}],"inLanguage":"es"},{"@type":"Organization","@id":"https:\/\/skatox.com\/blog\/#organization","name":"El blog de Skatox","url":"https:\/\/skatox.com\/blog\/","logo":{"@type":"ImageObject","inLanguage":"es","@id":"https:\/\/skatox.com\/blog\/#\/schema\/logo\/image\/","url":"https:\/\/skatox.com\/blog\/images\/2022\/03\/tux.png","contentUrl":"https:\/\/skatox.com\/blog\/images\/2022\/03\/tux.png","width":218,"height":218,"caption":"El blog de Skatox"},"image":{"@id":"https:\/\/skatox.com\/blog\/#\/schema\/logo\/image\/"},"sameAs":["https:\/\/www.facebook.com\/ElWeblogdeSkatox\/","https:\/\/x.com\/skatox","https:\/\/www.linkedin.com\/in\/skatox\/","https:\/\/www.youtube.com\/c\/MiguelAngelUsecheCastro","https:\/\/x.com\/skatox\/"]},{"@type":"Person","@id":"https:\/\/skatox.com\/blog\/#\/schema\/person\/e081bf33c5b0f1b0514e253cb578e1ba","name":"Miguel Useche","image":{"@type":"ImageObject","inLanguage":"es","@id":"https:\/\/skatox.com\/blog\/wp-content\/litespeed\/avatar\/aec95b02408138cb9d08288435373552.jpg?ver=1776995078","url":"https:\/\/skatox.com\/blog\/wp-content\/litespeed\/avatar\/aec95b02408138cb9d08288435373552.jpg?ver=1776995078","contentUrl":"https:\/\/skatox.com\/blog\/wp-content\/litespeed\/avatar\/aec95b02408138cb9d08288435373552.jpg?ver=1776995078","caption":"Miguel Useche"},"sameAs":["https:\/\/skatox.com","https:\/\/x.com\/skatox"]}]}},"jetpack_publicize_connections":[],"jetpack_featured_media_url":"","jetpack_sharing_enabled":true,"jetpack-related-posts":[{"id":2934,"url":"https:\/\/skatox.com\/blog\/2014\/01\/22\/video-viral-de-bill-gates\/","url_meta":{"origin":249,"position":0},"title":"V\u00eddeo viral de Bill Gates","author":"Miguel Useche","date":"22 de enero de 2014","format":false,"excerpt":"Para quienes leen este blog desde sus inicios, siempre me gustaba echar broma sobre Bill Gates hasta su salida de Microsoft y su dedicaci\u00f3n a la filantrop\u00eda. Pero hoy sali\u00f3 un video de \u00e9l en una entrevista, donde hizo un corto video con cierto toque de humor para promover su\u2026","rel":"","context":"En \u00abInternet\u00bb","block_context":{"text":"Internet","link":"https:\/\/skatox.com\/blog\/category\/internet\/"},"img":{"alt_text":"","src":"","width":0,"height":0},"classes":[]},{"id":71,"url":"https:\/\/skatox.com\/blog\/2006\/06\/18\/woll-bill-gates-se-va-de-microsoft\/","url_meta":{"origin":249,"position":1},"title":"\u00a1Wow! \u00a1Bill Gates se va de Microsoft!","author":"Miguel Useche","date":"18 de junio de 2006","format":false,"excerpt":"Pues esta para mi es la noticia de la semana ya que es sorprendente que el l\u00ed\u00adder\/fundador de Microsoft haya decidido dejar todas sus actividades en ella para al fin disfrutar de la vida (Manejar una empresa tan grande debe ser estresante). Es una noticia sorprende para todos, ya que\u2026","rel":"","context":"En \u00abMicrosoft\/Windows\u00bb","block_context":{"text":"Microsoft\/Windows","link":"https:\/\/skatox.com\/blog\/category\/microsoftwindows\/"},"img":{"alt_text":"","src":"","width":0,"height":0},"classes":[]},{"id":27,"url":"https:\/\/skatox.com\/blog\/2005\/12\/04\/para-reirse-de-bill-gates\/","url_meta":{"origin":249,"position":2},"title":"Para reirse de Bill Gates","author":"Miguel Useche","date":"4 de diciembre de 2005","format":false,"excerpt":"En realidad no tengo nada en contra del Sr.Gates (Solo pienso que quiere dominar el mundo), pero me parece un personaje gracioso como para reirse de el, e investigando en Google, encontr\u00e9 varios v\u00ed\u00addeos c\u00f3micos de cosas que le han sucedido en su vida, muchos famosos como la pantalla azul\u2026","rel":"","context":"En \u00abMicrosoft\/Windows\u00bb","block_context":{"text":"Microsoft\/Windows","link":"https:\/\/skatox.com\/blog\/category\/microsoftwindows\/"},"img":{"alt_text":"","src":"","width":0,"height":0},"classes":[]},{"id":2332,"url":"https:\/\/skatox.com\/blog\/2012\/06\/26\/steve-job-vs-bill-gates-el-rap\/","url_meta":{"origin":249,"position":3},"title":"Steve Job vs Bill Gates el rap","author":"Miguel Useche","date":"26 de junio de 2012","format":false,"excerpt":"Retomando la secci\u00f3n de m\u00fasica geek aqu\u00ed les dejo una buena y graciosa batalla de rap entre Steve Jobs y Bill Gates, imperdible si son fan\u00e1ticos de alguna de estas dos leyendas de la inform\u00e1tica, incluso tienen una participaci\u00f3n de Hal 9000 https:\/\/www.youtube.com\/watch?v=njos57IJf-0","rel":"","context":"En \u00abApple\/Mac\u00bb","block_context":{"text":"Apple\/Mac","link":"https:\/\/skatox.com\/blog\/category\/applemac\/"},"img":{"alt_text":"","src":"https:\/\/i0.wp.com\/img.youtube.com\/vi\/njos57IJf-0\/0.jpg?resize=350%2C200","width":350,"height":200},"classes":[]},{"id":5216,"url":"https:\/\/skatox.com\/blog\/2025\/08\/11\/los-50-anos-de-microsoft-contado-por-sus-3-ceos\/","url_meta":{"origin":249,"position":4},"title":"Los 50 a\u00f1os de Microsoft contado por sus 3 CEOs","author":"Miguel Useche","date":"11 de agosto de 2025","format":false,"excerpt":"Hace unos d\u00edas vi este buen video sobre los 3 CEOs que ha tenido Microsoft a lo largo de sus 40 a\u00f1os. A pesar de que no soy fan de Microsoft (bueno, en mi adolescencia lo era), qued\u00e9 encantado con este video porque a trav\u00e9s de entrevistas con Bill Gates,\u2026","rel":"","context":"En \u00abMicrosoft\/Windows\u00bb","block_context":{"text":"Microsoft\/Windows","link":"https:\/\/skatox.com\/blog\/category\/microsoftwindows\/"},"img":{"alt_text":"","src":"https:\/\/i0.wp.com\/img.youtube.com\/vi\/egeqfUGiETY\/0.jpg?resize=350%2C200","width":350,"height":200},"classes":[]},{"id":241,"url":"https:\/\/skatox.com\/blog\/2005\/01\/25\/las-metas-de-microsoftusen-una-reciente-entrevista-en-la-feria-consumer-electronics-show-bill-gates-dijo-textualmente-lo-siguiente-%e2%80%9clos-partidarios-del-codigo-abierto-son-los-comunistas\/","url_meta":{"origin":249,"position":5},"title":"Las metas de Microsoft","author":"Miguel Useche","date":"25 de enero de 2005","format":false,"excerpt":"En una reciente entrevista en la feria Consumer Electronics Show, Bill Gates dijo textualmente lo siguiente: \"Los partidarios del C\u00f3digo Abierto son los comunistas modernos\" Me parece una opini\u00f3n mala y sin sentido (Ojo, yo no soy comunista), pero Sr.Gates Si usted se fija bien, el comunismo es algo impuesto\u2026","rel":"","context":"En \u00abGnu\/Linux\u00bb","block_context":{"text":"Gnu\/Linux","link":"https:\/\/skatox.com\/blog\/category\/gnulinux\/"},"img":{"alt_text":"","src":"","width":0,"height":0},"classes":[]}],"_links":{"self":[{"href":"https:\/\/skatox.com\/blog\/wp-json\/wp\/v2\/posts\/249","targetHints":{"allow":["GET"]}}],"collection":[{"href":"https:\/\/skatox.com\/blog\/wp-json\/wp\/v2\/posts"}],"about":[{"href":"https:\/\/skatox.com\/blog\/wp-json\/wp\/v2\/types\/post"}],"author":[{"embeddable":true,"href":"https:\/\/skatox.com\/blog\/wp-json\/wp\/v2\/users\/2"}],"replies":[{"embeddable":true,"href":"https:\/\/skatox.com\/blog\/wp-json\/wp\/v2\/comments?post=249"}],"version-history":[{"count":0,"href":"https:\/\/skatox.com\/blog\/wp-json\/wp\/v2\/posts\/249\/revisions"}],"wp:attachment":[{"href":"https:\/\/skatox.com\/blog\/wp-json\/wp\/v2\/media?parent=249"}],"wp:term":[{"taxonomy":"category","embeddable":true,"href":"https:\/\/skatox.com\/blog\/wp-json\/wp\/v2\/categories?post=249"},{"taxonomy":"post_tag","embeddable":true,"href":"https:\/\/skatox.com\/blog\/wp-json\/wp\/v2\/tags?post=249"}],"curies":[{"name":"wp","href":"https:\/\/api.w.org\/{rel}","templated":true}]}}