{"id":195,"date":"2007-06-10T13:05:12","date_gmt":"2007-06-10T17:05:12","guid":{"rendered":"https:\/\/skatox.com\/blog\/?p=195"},"modified":"2023-02-28T09:48:11","modified_gmt":"2023-02-28T14:48:11","slug":"compiz-fusion-no-mas-beryl-y-como-usarlo-en-archlinux","status":"publish","type":"post","link":"https:\/\/skatox.com\/blog\/2007\/06\/10\/compiz-fusion-no-mas-beryl-y-como-usarlo-en-archlinux\/","title":{"rendered":"Compiz Fusion: No mas Beryl (Y como usarlo en ArchLinux)"},"content":{"rendered":"\n<blockquote class=\"wp-block-quote is-layout-flow wp-block-quote-is-layout-flow\">\n<p>ACTUALIZACI\u00d3N AL D\u00cdA 25\/10\/2007<\/p>\n\n\n\n<p>Arreglado el nombre de paquetes, ya que ahora el proyecto es estable<\/p>\n<\/blockquote>\n\n\n\n<p>Pues como se hab\u00ed\u00ada anunciado desde marzo Beryl se fusion\u00f3 con el proyecto Compiz. Me pareci\u00f3 una gran idea pues as\u00ed\u00ad en vez de tener 2 proyectos tan parecidos desarroll\u00e1ndose paralelamente, es mejor tener 1 s\u00f3lo proyecto con todos los desarrolladores y centrada todas las cosas.<\/p>\n\n\n\n<p>Desde hace como 5 d\u00ed\u00adas se anunci\u00f3 Compiz Fusion, que es el primer lanzamiento no estable del proyecto. Lo decid\u00ed\u00ad probar y me gust\u00f3 mucho, se puede decir que es el mismo compiz que mediante plugins lo transformamos en como queramos, el mismo trae un configurador hecho en python de f\u00e1cil uso (mejor dise\u00f1o que el de Beryl), los bordes de las ventanas se pueden usar con el mismo emerald (mantienes tu configuraci\u00f3n, temas, etc), se mantiene compatibilidad que si con los widgets, docks y aplicaciones que necesitaban de beryl para sus transparencias.<\/p>\n\n\n<div class=\"wp-block-image\">\n<figure class=\"aligncenter\"><a  href=\"https:\/\/www.skatox.com\/blog\/images\/2007\/06\/Wall.png\" data-rel=\"lightbox-gallery-0\" data-rl_title=\"\" data-rl_caption=\"\" title=\"\"><img decoding=\"async\" src=\"https:\/\/www.skatox.com\/blog\/images\/2007\/06\/miniWall.png\" alt=\"compiz fusion cube\"\/><\/a><figcaption class=\"wp-element-caption\">La pared de escritorios<\/figcaption><\/figure>\n<\/div>\n\n<div class=\"wp-block-image\">\n<figure class=\"aligncenter\"><a  href=\"https:\/\/www.skatox.com\/blog\/images\/2007\/06\/Cubo.png\" data-rel=\"lightbox-gallery-0\" data-rl_title=\"\" data-rl_caption=\"\" title=\"\"><img decoding=\"async\" src=\"https:\/\/www.skatox.com\/blog\/images\/2007\/06\/miniCubo.png\" alt=\"compiz fusion cube\"\/><\/a><figcaption class=\"wp-element-caption\">Los reflejos en el piso<\/figcaption><\/figure>\n<\/div>\n\n\n<p>Lo \u00fanico que les puedo decir es que lo prueben, para instalarlo en archlinux, necesitas tener los siguientes paquetes:<\/p>\n\n\n\n<ul class=\"wp-block-list\">\n<li>compiz-git (n\u00facleo de compiz)<\/li>\n\n\n\n<li>ccsm-git(configurador de los efectos)<\/li>\n\n\n\n<li>fusion-icon-git<\/li>\n\n\n\n<li>compizconfig-python-git<\/li>\n\n\n\n<li>libcompizconfig-git<\/li>\n<\/ul>\n\n\n\n<h2 class=\"wp-block-heading\">Por repositorios<\/h2>\n\n\n\n<p>Es la manera mas sencilla y r\u00e1pida de hacerlo, para ello debes agregar en el archivo \/etc\/pacman.conf los siguientes repositorios de nesl247:<\/p>\n\n\n\n<h3 class=\"wp-block-heading\">Si usas 32 bits<\/h3>\n\n\n\n<pre class=\"wp-block-code\"><code class=\"\">[compiz-fusion\nServer = https:\/\/arch.nesl247.org\/compiz-fusion\/i686<\/code><\/pre>\n\n\n\n<h3 class=\"wp-block-heading\">Si usas 64 bits<\/h3>\n\n\n\n<pre class=\"wp-block-code\"><code class=\"\">[compiz-fusion]\nServer = https:\/\/arch.nesl247.org\/compiz-fusion\/x86_64<\/code><\/pre>\n\n\n\n<p>Haz un <strong>pacman -Sy compiz-fusion-git<\/strong>, \u00a1y listo! omites el siguiente paso.<\/p>\n\n\n\n<h2 class=\"wp-block-heading\">Por AUR<\/h2>\n\n\n\n<p>Debes bajar los PKBUILD de <a href=\"https:\/\/aur.archlinux.org\/\">AUR<\/a> (coloca <strong>compiz<\/strong> en la b\u00fasqueda para que te liste los paquetes mencionados anteriormente), los bajas, descomprimes cada uno, le das makepkg y listo. Pero debes instalarlos todos al mismo tiempo para evitar que te compliques buscando cual depende de cual.<\/p>\n\n\n\n<h2 class=\"wp-block-heading\">\u00bfC\u00f3mo ejecutarlo?<\/h2>\n\n\n\n<p>Una vez instalado los paquetes, todo lo que necesitas para correrlo es ejecutar el siguiente comando: <strong>fusion-icon<\/strong><\/p>\n\n\n\n<p>Si te sirve todo correctamente ejecuta <strong>ccsm<\/strong> para configurar compiz.<\/p>\n\n\n\n<p>Y existen 2 formas de obtenerlos: por repositorios (binarios) y AUR (compilaci\u00f3n).<\/p>\n\n\n\n<p>Recuerda que es necesario desinstalar el beryl y laro, si no tenias beryl o compiz instalado, debes configurar el Xorg para que corra los efectos de <em>composite<\/em>.<\/p>\n","protected":false},"excerpt":{"rendered":"<p>ACTUALIZACI\u00d3N AL D\u00cdA 25\/10\/2007 Arreglado el nombre de paquetes, ya que ahora el proyecto es estable Pues como se hab\u00ed\u00ada anunciado desde marzo Beryl se&#8230;<\/p>\n<div class=\"more-link-wrapper\"><a class=\"more-link\" href=\"https:\/\/skatox.com\/blog\/2007\/06\/10\/compiz-fusion-no-mas-beryl-y-como-usarlo-en-archlinux\/\">Seguir leyendo<span class=\"screen-reader-text\">Compiz Fusion: No mas Beryl (Y como usarlo en ArchLinux)<\/span><\/a><\/div>\n","protected":false},"author":2,"featured_media":0,"comment_status":"open","ping_status":"open","sticky":false,"template":"","format":"standard","meta":{"jetpack_post_was_ever_published":false,"_jetpack_newsletter_access":"","_jetpack_dont_email_post_to_subs":false,"_jetpack_newsletter_tier_id":0,"_jetpack_memberships_contains_paywalled_content":false,"_jetpack_memberships_contains_paid_content":false,"footnotes":"","jetpack_publicize_message":"","jetpack_publicize_feature_enabled":true,"jetpack_social_post_already_shared":false,"jetpack_social_options":{"image_generator_settings":{"template":"highway","default_image_id":0,"font":"","enabled":false},"version":2}},"categories":[563,3],"tags":[13,31,30,32],"class_list":["post-195","post","type-post","status-publish","format-standard","hentry","category-archlinux-gnulinux","category-gnulinux","tag-archlinux","tag-compiz","tag-compiz-fusion","tag-stable","entry"],"yoast_head":"<!-- This site is optimized with the Yoast SEO plugin v27.4 - https:\/\/yoast.com\/product\/yoast-seo-wordpress\/ -->\n<title>Compiz Fusion: No mas Beryl (Y como usarlo en ArchLinux) - El blog de Skatox<\/title>\n<meta name=\"robots\" content=\"index, follow, max-snippet:-1, max-image-preview:large, max-video-preview:-1\" \/>\n<link rel=\"canonical\" href=\"https:\/\/skatox.com\/blog\/2007\/06\/10\/compiz-fusion-no-mas-beryl-y-como-usarlo-en-archlinux\/\" \/>\n<meta property=\"og:locale\" content=\"es_ES\" \/>\n<meta property=\"og:type\" content=\"article\" \/>\n<meta property=\"og:title\" content=\"Compiz Fusion: No mas Beryl (Y como usarlo en ArchLinux) - El blog de Skatox\" \/>\n<meta property=\"og:description\" content=\"ACTUALIZACI\u00d3N AL D\u00cdA 25\/10\/2007 Arreglado el nombre de paquetes, ya que ahora el proyecto es estable Pues como se hab\u00ed\u00ada anunciado desde marzo Beryl se&#8230;\" \/>\n<meta property=\"og:url\" content=\"https:\/\/skatox.com\/blog\/2007\/06\/10\/compiz-fusion-no-mas-beryl-y-como-usarlo-en-archlinux\/\" \/>\n<meta property=\"og:site_name\" content=\"El blog de Skatox\" \/>\n<meta property=\"article:publisher\" content=\"https:\/\/www.facebook.com\/ElWeblogdeSkatox\/\" \/>\n<meta property=\"article:published_time\" content=\"2007-06-10T17:05:12+00:00\" \/>\n<meta property=\"article:modified_time\" content=\"2023-02-28T14:48:11+00:00\" \/>\n<meta property=\"og:image\" content=\"https:\/\/www.skatox.com\/blog\/images\/2007\/06\/miniWall.png\" \/>\n<meta name=\"author\" content=\"Miguel Useche\" \/>\n<meta name=\"twitter:card\" content=\"summary_large_image\" \/>\n<meta name=\"twitter:creator\" content=\"@skatox\" \/>\n<meta name=\"twitter:site\" content=\"@skatox\" \/>\n<meta name=\"twitter:label1\" content=\"Escrito por\" \/>\n\t<meta name=\"twitter:data1\" content=\"Miguel Useche\" \/>\n\t<meta name=\"twitter:label2\" content=\"Tiempo de lectura\" \/>\n\t<meta name=\"twitter:data2\" content=\"3 minutos\" \/>\n<script type=\"application\/ld+json\" class=\"yoast-schema-graph\">{\"@context\":\"https:\\\/\\\/schema.org\",\"@graph\":[{\"@type\":\"Article\",\"@id\":\"https:\\\/\\\/skatox.com\\\/blog\\\/2007\\\/06\\\/10\\\/compiz-fusion-no-mas-beryl-y-como-usarlo-en-archlinux\\\/#article\",\"isPartOf\":{\"@id\":\"https:\\\/\\\/skatox.com\\\/blog\\\/2007\\\/06\\\/10\\\/compiz-fusion-no-mas-beryl-y-como-usarlo-en-archlinux\\\/\"},\"author\":{\"name\":\"Miguel Useche\",\"@id\":\"https:\\\/\\\/skatox.com\\\/blog\\\/#\\\/schema\\\/person\\\/e081bf33c5b0f1b0514e253cb578e1ba\"},\"headline\":\"Compiz Fusion: No mas Beryl (Y como usarlo en ArchLinux)\",\"datePublished\":\"2007-06-10T17:05:12+00:00\",\"dateModified\":\"2023-02-28T14:48:11+00:00\",\"mainEntityOfPage\":{\"@id\":\"https:\\\/\\\/skatox.com\\\/blog\\\/2007\\\/06\\\/10\\\/compiz-fusion-no-mas-beryl-y-como-usarlo-en-archlinux\\\/\"},\"wordCount\":373,\"commentCount\":13,\"publisher\":{\"@id\":\"https:\\\/\\\/skatox.com\\\/blog\\\/#organization\"},\"image\":{\"@id\":\"https:\\\/\\\/skatox.com\\\/blog\\\/2007\\\/06\\\/10\\\/compiz-fusion-no-mas-beryl-y-como-usarlo-en-archlinux\\\/#primaryimage\"},\"thumbnailUrl\":\"https:\\\/\\\/www.skatox.com\\\/blog\\\/images\\\/2007\\\/06\\\/miniWall.png\",\"keywords\":[\"Archlinux\",\"compiz\",\"compiz fusion\",\"stable\"],\"articleSection\":[\"Archlinux\",\"Gnu\\\/Linux\"],\"inLanguage\":\"es\",\"potentialAction\":[{\"@type\":\"CommentAction\",\"name\":\"Comment\",\"target\":[\"https:\\\/\\\/skatox.com\\\/blog\\\/2007\\\/06\\\/10\\\/compiz-fusion-no-mas-beryl-y-como-usarlo-en-archlinux\\\/#respond\"]}]},{\"@type\":\"WebPage\",\"@id\":\"https:\\\/\\\/skatox.com\\\/blog\\\/2007\\\/06\\\/10\\\/compiz-fusion-no-mas-beryl-y-como-usarlo-en-archlinux\\\/\",\"url\":\"https:\\\/\\\/skatox.com\\\/blog\\\/2007\\\/06\\\/10\\\/compiz-fusion-no-mas-beryl-y-como-usarlo-en-archlinux\\\/\",\"name\":\"Compiz Fusion: No mas Beryl (Y como usarlo en ArchLinux) - El blog de Skatox\",\"isPartOf\":{\"@id\":\"https:\\\/\\\/skatox.com\\\/blog\\\/#website\"},\"primaryImageOfPage\":{\"@id\":\"https:\\\/\\\/skatox.com\\\/blog\\\/2007\\\/06\\\/10\\\/compiz-fusion-no-mas-beryl-y-como-usarlo-en-archlinux\\\/#primaryimage\"},\"image\":{\"@id\":\"https:\\\/\\\/skatox.com\\\/blog\\\/2007\\\/06\\\/10\\\/compiz-fusion-no-mas-beryl-y-como-usarlo-en-archlinux\\\/#primaryimage\"},\"thumbnailUrl\":\"https:\\\/\\\/www.skatox.com\\\/blog\\\/images\\\/2007\\\/06\\\/miniWall.png\",\"datePublished\":\"2007-06-10T17:05:12+00:00\",\"dateModified\":\"2023-02-28T14:48:11+00:00\",\"breadcrumb\":{\"@id\":\"https:\\\/\\\/skatox.com\\\/blog\\\/2007\\\/06\\\/10\\\/compiz-fusion-no-mas-beryl-y-como-usarlo-en-archlinux\\\/#breadcrumb\"},\"inLanguage\":\"es\",\"potentialAction\":[{\"@type\":\"ReadAction\",\"target\":[\"https:\\\/\\\/skatox.com\\\/blog\\\/2007\\\/06\\\/10\\\/compiz-fusion-no-mas-beryl-y-como-usarlo-en-archlinux\\\/\"]}]},{\"@type\":\"ImageObject\",\"inLanguage\":\"es\",\"@id\":\"https:\\\/\\\/skatox.com\\\/blog\\\/2007\\\/06\\\/10\\\/compiz-fusion-no-mas-beryl-y-como-usarlo-en-archlinux\\\/#primaryimage\",\"url\":\"https:\\\/\\\/www.skatox.com\\\/blog\\\/images\\\/2007\\\/06\\\/miniWall.png\",\"contentUrl\":\"https:\\\/\\\/www.skatox.com\\\/blog\\\/images\\\/2007\\\/06\\\/miniWall.png\"},{\"@type\":\"BreadcrumbList\",\"@id\":\"https:\\\/\\\/skatox.com\\\/blog\\\/2007\\\/06\\\/10\\\/compiz-fusion-no-mas-beryl-y-como-usarlo-en-archlinux\\\/#breadcrumb\",\"itemListElement\":[{\"@type\":\"ListItem\",\"position\":1,\"name\":\"Portada\",\"item\":\"https:\\\/\\\/skatox.com\\\/blog\\\/\"},{\"@type\":\"ListItem\",\"position\":2,\"name\":\"Compiz Fusion: No mas Beryl (Y como usarlo en ArchLinux)\"}]},{\"@type\":\"WebSite\",\"@id\":\"https:\\\/\\\/skatox.com\\\/blog\\\/#website\",\"url\":\"https:\\\/\\\/skatox.com\\\/blog\\\/\",\"name\":\"El blog de Skatox\",\"description\":\"Compartiendo mis opiniones inform\u00e1ticas mas all\u00e1 de los 280 caracteres\",\"publisher\":{\"@id\":\"https:\\\/\\\/skatox.com\\\/blog\\\/#organization\"},\"potentialAction\":[{\"@type\":\"SearchAction\",\"target\":{\"@type\":\"EntryPoint\",\"urlTemplate\":\"https:\\\/\\\/skatox.com\\\/blog\\\/?s={search_term_string}\"},\"query-input\":{\"@type\":\"PropertyValueSpecification\",\"valueRequired\":true,\"valueName\":\"search_term_string\"}}],\"inLanguage\":\"es\"},{\"@type\":\"Organization\",\"@id\":\"https:\\\/\\\/skatox.com\\\/blog\\\/#organization\",\"name\":\"El blog de Skatox\",\"url\":\"https:\\\/\\\/skatox.com\\\/blog\\\/\",\"logo\":{\"@type\":\"ImageObject\",\"inLanguage\":\"es\",\"@id\":\"https:\\\/\\\/skatox.com\\\/blog\\\/#\\\/schema\\\/logo\\\/image\\\/\",\"url\":\"https:\\\/\\\/skatox.com\\\/blog\\\/images\\\/2022\\\/03\\\/tux.png\",\"contentUrl\":\"https:\\\/\\\/skatox.com\\\/blog\\\/images\\\/2022\\\/03\\\/tux.png\",\"width\":218,\"height\":218,\"caption\":\"El blog de Skatox\"},\"image\":{\"@id\":\"https:\\\/\\\/skatox.com\\\/blog\\\/#\\\/schema\\\/logo\\\/image\\\/\"},\"sameAs\":[\"https:\\\/\\\/www.facebook.com\\\/ElWeblogdeSkatox\\\/\",\"https:\\\/\\\/x.com\\\/skatox\",\"https:\\\/\\\/www.linkedin.com\\\/in\\\/skatox\\\/\",\"https:\\\/\\\/www.youtube.com\\\/c\\\/MiguelAngelUsecheCastro\",\"https:\\\/\\\/x.com\\\/skatox\\\/\"]},{\"@type\":\"Person\",\"@id\":\"https:\\\/\\\/skatox.com\\\/blog\\\/#\\\/schema\\\/person\\\/e081bf33c5b0f1b0514e253cb578e1ba\",\"name\":\"Miguel Useche\",\"image\":{\"@type\":\"ImageObject\",\"inLanguage\":\"es\",\"@id\":\"https:\\\/\\\/skatox.com\\\/blog\\\/wp-content\\\/litespeed\\\/avatar\\\/aec95b02408138cb9d08288435373552.jpg?ver=1776995078\",\"url\":\"https:\\\/\\\/skatox.com\\\/blog\\\/wp-content\\\/litespeed\\\/avatar\\\/aec95b02408138cb9d08288435373552.jpg?ver=1776995078\",\"contentUrl\":\"https:\\\/\\\/skatox.com\\\/blog\\\/wp-content\\\/litespeed\\\/avatar\\\/aec95b02408138cb9d08288435373552.jpg?ver=1776995078\",\"caption\":\"Miguel Useche\"},\"sameAs\":[\"https:\\\/\\\/skatox.com\",\"https:\\\/\\\/x.com\\\/skatox\"]}]}<\/script>\n<!-- \/ Yoast SEO plugin. -->","yoast_head_json":{"title":"Compiz Fusion: No mas Beryl (Y como usarlo en ArchLinux) - El blog de Skatox","robots":{"index":"index","follow":"follow","max-snippet":"max-snippet:-1","max-image-preview":"max-image-preview:large","max-video-preview":"max-video-preview:-1"},"canonical":"https:\/\/skatox.com\/blog\/2007\/06\/10\/compiz-fusion-no-mas-beryl-y-como-usarlo-en-archlinux\/","og_locale":"es_ES","og_type":"article","og_title":"Compiz Fusion: No mas Beryl (Y como usarlo en ArchLinux) - El blog de Skatox","og_description":"ACTUALIZACI\u00d3N AL D\u00cdA 25\/10\/2007 Arreglado el nombre de paquetes, ya que ahora el proyecto es estable Pues como se hab\u00ed\u00ada anunciado desde marzo Beryl se&#8230;","og_url":"https:\/\/skatox.com\/blog\/2007\/06\/10\/compiz-fusion-no-mas-beryl-y-como-usarlo-en-archlinux\/","og_site_name":"El blog de Skatox","article_publisher":"https:\/\/www.facebook.com\/ElWeblogdeSkatox\/","article_published_time":"2007-06-10T17:05:12+00:00","article_modified_time":"2023-02-28T14:48:11+00:00","og_image":[{"url":"https:\/\/www.skatox.com\/blog\/images\/2007\/06\/miniWall.png","type":"","width":"","height":""}],"author":"Miguel Useche","twitter_card":"summary_large_image","twitter_creator":"@skatox","twitter_site":"@skatox","twitter_misc":{"Escrito por":"Miguel Useche","Tiempo de lectura":"3 minutos"},"schema":{"@context":"https:\/\/schema.org","@graph":[{"@type":"Article","@id":"https:\/\/skatox.com\/blog\/2007\/06\/10\/compiz-fusion-no-mas-beryl-y-como-usarlo-en-archlinux\/#article","isPartOf":{"@id":"https:\/\/skatox.com\/blog\/2007\/06\/10\/compiz-fusion-no-mas-beryl-y-como-usarlo-en-archlinux\/"},"author":{"name":"Miguel Useche","@id":"https:\/\/skatox.com\/blog\/#\/schema\/person\/e081bf33c5b0f1b0514e253cb578e1ba"},"headline":"Compiz Fusion: No mas Beryl (Y como usarlo en ArchLinux)","datePublished":"2007-06-10T17:05:12+00:00","dateModified":"2023-02-28T14:48:11+00:00","mainEntityOfPage":{"@id":"https:\/\/skatox.com\/blog\/2007\/06\/10\/compiz-fusion-no-mas-beryl-y-como-usarlo-en-archlinux\/"},"wordCount":373,"commentCount":13,"publisher":{"@id":"https:\/\/skatox.com\/blog\/#organization"},"image":{"@id":"https:\/\/skatox.com\/blog\/2007\/06\/10\/compiz-fusion-no-mas-beryl-y-como-usarlo-en-archlinux\/#primaryimage"},"thumbnailUrl":"https:\/\/www.skatox.com\/blog\/images\/2007\/06\/miniWall.png","keywords":["Archlinux","compiz","compiz fusion","stable"],"articleSection":["Archlinux","Gnu\/Linux"],"inLanguage":"es","potentialAction":[{"@type":"CommentAction","name":"Comment","target":["https:\/\/skatox.com\/blog\/2007\/06\/10\/compiz-fusion-no-mas-beryl-y-como-usarlo-en-archlinux\/#respond"]}]},{"@type":"WebPage","@id":"https:\/\/skatox.com\/blog\/2007\/06\/10\/compiz-fusion-no-mas-beryl-y-como-usarlo-en-archlinux\/","url":"https:\/\/skatox.com\/blog\/2007\/06\/10\/compiz-fusion-no-mas-beryl-y-como-usarlo-en-archlinux\/","name":"Compiz Fusion: No mas Beryl (Y como usarlo en ArchLinux) - El blog de Skatox","isPartOf":{"@id":"https:\/\/skatox.com\/blog\/#website"},"primaryImageOfPage":{"@id":"https:\/\/skatox.com\/blog\/2007\/06\/10\/compiz-fusion-no-mas-beryl-y-como-usarlo-en-archlinux\/#primaryimage"},"image":{"@id":"https:\/\/skatox.com\/blog\/2007\/06\/10\/compiz-fusion-no-mas-beryl-y-como-usarlo-en-archlinux\/#primaryimage"},"thumbnailUrl":"https:\/\/www.skatox.com\/blog\/images\/2007\/06\/miniWall.png","datePublished":"2007-06-10T17:05:12+00:00","dateModified":"2023-02-28T14:48:11+00:00","breadcrumb":{"@id":"https:\/\/skatox.com\/blog\/2007\/06\/10\/compiz-fusion-no-mas-beryl-y-como-usarlo-en-archlinux\/#breadcrumb"},"inLanguage":"es","potentialAction":[{"@type":"ReadAction","target":["https:\/\/skatox.com\/blog\/2007\/06\/10\/compiz-fusion-no-mas-beryl-y-como-usarlo-en-archlinux\/"]}]},{"@type":"ImageObject","inLanguage":"es","@id":"https:\/\/skatox.com\/blog\/2007\/06\/10\/compiz-fusion-no-mas-beryl-y-como-usarlo-en-archlinux\/#primaryimage","url":"https:\/\/www.skatox.com\/blog\/images\/2007\/06\/miniWall.png","contentUrl":"https:\/\/www.skatox.com\/blog\/images\/2007\/06\/miniWall.png"},{"@type":"BreadcrumbList","@id":"https:\/\/skatox.com\/blog\/2007\/06\/10\/compiz-fusion-no-mas-beryl-y-como-usarlo-en-archlinux\/#breadcrumb","itemListElement":[{"@type":"ListItem","position":1,"name":"Portada","item":"https:\/\/skatox.com\/blog\/"},{"@type":"ListItem","position":2,"name":"Compiz Fusion: No mas Beryl (Y como usarlo en ArchLinux)"}]},{"@type":"WebSite","@id":"https:\/\/skatox.com\/blog\/#website","url":"https:\/\/skatox.com\/blog\/","name":"El blog de Skatox","description":"Compartiendo mis opiniones inform\u00e1ticas mas all\u00e1 de los 280 caracteres","publisher":{"@id":"https:\/\/skatox.com\/blog\/#organization"},"potentialAction":[{"@type":"SearchAction","target":{"@type":"EntryPoint","urlTemplate":"https:\/\/skatox.com\/blog\/?s={search_term_string}"},"query-input":{"@type":"PropertyValueSpecification","valueRequired":true,"valueName":"search_term_string"}}],"inLanguage":"es"},{"@type":"Organization","@id":"https:\/\/skatox.com\/blog\/#organization","name":"El blog de Skatox","url":"https:\/\/skatox.com\/blog\/","logo":{"@type":"ImageObject","inLanguage":"es","@id":"https:\/\/skatox.com\/blog\/#\/schema\/logo\/image\/","url":"https:\/\/skatox.com\/blog\/images\/2022\/03\/tux.png","contentUrl":"https:\/\/skatox.com\/blog\/images\/2022\/03\/tux.png","width":218,"height":218,"caption":"El blog de Skatox"},"image":{"@id":"https:\/\/skatox.com\/blog\/#\/schema\/logo\/image\/"},"sameAs":["https:\/\/www.facebook.com\/ElWeblogdeSkatox\/","https:\/\/x.com\/skatox","https:\/\/www.linkedin.com\/in\/skatox\/","https:\/\/www.youtube.com\/c\/MiguelAngelUsecheCastro","https:\/\/x.com\/skatox\/"]},{"@type":"Person","@id":"https:\/\/skatox.com\/blog\/#\/schema\/person\/e081bf33c5b0f1b0514e253cb578e1ba","name":"Miguel Useche","image":{"@type":"ImageObject","inLanguage":"es","@id":"https:\/\/skatox.com\/blog\/wp-content\/litespeed\/avatar\/aec95b02408138cb9d08288435373552.jpg?ver=1776995078","url":"https:\/\/skatox.com\/blog\/wp-content\/litespeed\/avatar\/aec95b02408138cb9d08288435373552.jpg?ver=1776995078","contentUrl":"https:\/\/skatox.com\/blog\/wp-content\/litespeed\/avatar\/aec95b02408138cb9d08288435373552.jpg?ver=1776995078","caption":"Miguel Useche"},"sameAs":["https:\/\/skatox.com","https:\/\/x.com\/skatox"]}]}},"jetpack_publicize_connections":[],"jetpack_featured_media_url":"","jetpack_sharing_enabled":true,"jetpack-related-posts":[{"id":222,"url":"https:\/\/skatox.com\/blog\/2007\/10\/25\/compiz-fusion-06-la-primera-estable-en-archlinux\/","url_meta":{"origin":195,"position":0},"title":"Compiz Fusion 0.6 (La primera estable) en Archlinux","author":"Miguel Useche","date":"25 de octubre de 2007","format":false,"excerpt":"Bueno solo quiero informarles a los usuarios de Archlinux, que ya pueden disfrutar del Compiz-Fusion en su versi\u00f3n estable. Con respecto a la versi\u00f3n anterior no le veo muchos cambios a excepci\u00f3n de la optimizaci\u00f3n de velocidad (corre igual de r\u00e1pido que beryl), por lo que no voy a escribir\u2026","rel":"","context":"En \u00abArchlinux\u00bb","block_context":{"text":"Archlinux","link":"https:\/\/skatox.com\/blog\/category\/gnulinux\/archlinux-gnulinux\/"},"img":{"alt_text":"","src":"","width":0,"height":0},"classes":[]},{"id":94,"url":"https:\/\/skatox.com\/blog\/2006\/10\/19\/beryl-en-archlinux\/","url_meta":{"origin":195,"position":1},"title":"Beryl en ArchLinux","author":"Miguel Useche","date":"19 de octubre de 2006","format":false,"excerpt":"Para los que no saben que es Beryl es el antiguo compiz-quinn (el compiz de Xgl modificado por la comunidad) que pas\u00f3 a ser proyecto propio desde el 16 de Septiembre por motivos a que Novell no quiso aceptar las mejoras a su compiz \"oficial\". Gracias a Ahioros que me\u2026","rel":"","context":"En \u00abArchlinux\u00bb","block_context":{"text":"Archlinux","link":"https:\/\/skatox.com\/blog\/category\/gnulinux\/archlinux-gnulinux\/"},"img":{"alt_text":"","src":"","width":0,"height":0},"classes":[]},{"id":135,"url":"https:\/\/skatox.com\/blog\/2007\/04\/03\/abre-wwwberyl-themesorg-para-temas-de-beryl\/","url_meta":{"origin":195,"position":2},"title":"Abre www.beryl-themes.org para temas de Beryl","author":"Miguel Useche","date":"3 de abril de 2007","format":false,"excerpt":"Pues les recomiendo a todos los linuxeros que usan Beryl para los efectos 3D de las ventanas, que visiten peri\u00f3dicamente la pagina www.beryl-themes.org para conseguir nuevos temas, plugins, screenshots, skydomes, \u00ed\u00adconos, entre otras cosas. La p\u00e1ginas es un fork de Gnome Look y KDE Look pero dirigida \u00fanicamente a Beryl,\u2026","rel":"","context":"En \u00abGnu\/Linux\u00bb","block_context":{"text":"Gnu\/Linux","link":"https:\/\/skatox.com\/blog\/category\/gnulinux\/"},"img":{"alt_text":"","src":"","width":0,"height":0},"classes":[]},{"id":184,"url":"https:\/\/skatox.com\/blog\/2007\/05\/19\/screenlets-los-gadgets-y-widgets-para-linux\/","url_meta":{"origin":195,"position":3},"title":"Screenlets: Los Gadgets y Widgets para Linux","author":"Miguel Useche","date":"19 de mayo de 2007","format":false,"excerpt":"Pues los usuarios de Linux hemos tenido desde hace tiempo aplicaciones de este estilo sin importar el escritorio que tuvi\u00e9semos tales como: Adesklets, Gdesklets, SuperKaramba, Gkrellm, entre otros. Pero para m\u00ed\u00ad todos ellos apestan bastante (SuperKaramba no, pero apesta al depender de KDE que no lo uso), ya que unos\u2026","rel":"","context":"En \u00abGnu\/Linux\u00bb","block_context":{"text":"Gnu\/Linux","link":"https:\/\/skatox.com\/blog\/category\/gnulinux\/"},"img":{"alt_text":"","src":"","width":0,"height":0},"classes":[]},{"id":107,"url":"https:\/\/skatox.com\/blog\/2006\/11\/15\/beryl-sin-xgl-con-los-nuevos-drivers-nvidia\/","url_meta":{"origin":195,"position":4},"title":"Beryl sin XGL (con los Nuevos drivers NVIDIA)","author":"Miguel Useche","date":"15 de noviembre de 2006","format":false,"excerpt":"Pues ha sido lanzada la nueva serie 1.0-9x de drivers de Nvidia donde han a\u00f1adido nuevas caracter\u00ed\u00adsticas y soporte a nuevo hardware, pero lo mas importante para m\u00ed\u00ad ha sido que ya soporta de manera estable el texture_from_pixmap lo que permite utilizar el Beryl sin tener que ejecutar\/instalar XGL. Esto\u2026","rel":"","context":"En \u00abGnu\/Linux\u00bb","block_context":{"text":"Gnu\/Linux","link":"https:\/\/skatox.com\/blog\/category\/gnulinux\/"},"img":{"alt_text":"Bery sin XGL","src":"https:\/\/i0.wp.com\/skatox.com\/blog\/images\/2006\/11\/beryl_noxgl.png?resize=350%2C200&ssl=1","width":350,"height":200},"classes":[]},{"id":228,"url":"https:\/\/skatox.com\/blog\/2007\/11\/15\/virtual-box\/","url_meta":{"origin":195,"position":5},"title":"Virtual Box","author":"Miguel Useche","date":"15 de noviembre de 2007","format":false,"excerpt":"Entre estos d\u00ed\u00adas decid\u00ed\u00ad probar VirtualBox para ver que tal era, luego de un tiempo us\u00e1ndolo voy a comentarles acerca del mismo. Para los que no saben que es, VirtualBox es un virtualizador x86 creado por Innotek para instalar\/ejecutar\/virtualizar en \u00e9l varios sistemas operativos como Windows, Linux, Os2, FreeBsd, entre\u2026","rel":"","context":"En \u00abGnu\/Linux\u00bb","block_context":{"text":"Gnu\/Linux","link":"https:\/\/skatox.com\/blog\/category\/gnulinux\/"},"img":{"alt_text":"Virtual Box","src":"https:\/\/i0.wp.com\/skatox.com\/blog\/images\/2007\/11\/virtualbox.thumbnail.png?resize=350%2C200&ssl=1","width":350,"height":200,"srcset":"https:\/\/i0.wp.com\/skatox.com\/blog\/images\/2007\/11\/virtualbox.thumbnail.png?resize=350%2C200&ssl=1 1x, https:\/\/i0.wp.com\/skatox.com\/blog\/images\/2007\/11\/virtualbox.thumbnail.png?resize=525%2C300&ssl=1 1.5x"},"classes":[]}],"_links":{"self":[{"href":"https:\/\/skatox.com\/blog\/wp-json\/wp\/v2\/posts\/195","targetHints":{"allow":["GET"]}}],"collection":[{"href":"https:\/\/skatox.com\/blog\/wp-json\/wp\/v2\/posts"}],"about":[{"href":"https:\/\/skatox.com\/blog\/wp-json\/wp\/v2\/types\/post"}],"author":[{"embeddable":true,"href":"https:\/\/skatox.com\/blog\/wp-json\/wp\/v2\/users\/2"}],"replies":[{"embeddable":true,"href":"https:\/\/skatox.com\/blog\/wp-json\/wp\/v2\/comments?post=195"}],"version-history":[{"count":0,"href":"https:\/\/skatox.com\/blog\/wp-json\/wp\/v2\/posts\/195\/revisions"}],"wp:attachment":[{"href":"https:\/\/skatox.com\/blog\/wp-json\/wp\/v2\/media?parent=195"}],"wp:term":[{"taxonomy":"category","embeddable":true,"href":"https:\/\/skatox.com\/blog\/wp-json\/wp\/v2\/categories?post=195"},{"taxonomy":"post_tag","embeddable":true,"href":"https:\/\/skatox.com\/blog\/wp-json\/wp\/v2\/tags?post=195"}],"curies":[{"name":"wp","href":"https:\/\/api.w.org\/{rel}","templated":true}]}}